{"id":581,"date":"2015-09-05T04:45:08","date_gmt":"2015-09-05T04:45:08","guid":{"rendered":"https:\/\/wissen.science-and-fun.de\/privat\/?p=581"},"modified":"2015-09-05T04:45:08","modified_gmt":"2015-09-05T04:45:08","slug":"fluechtlinge-als-chance-gegen-den-demografischen-wandel","status":"publish","type":"post","link":"https:\/\/wissen.science-and-fun.de\/privat\/2015\/09\/05\/fluechtlinge-als-chance-gegen-den-demografischen-wandel\/","title":{"rendered":"Fl\u00fcchtlinge als Chance gegen den demografischen Wandel?"},"content":{"rendered":"<p>Wir sollen die Fl\u00fcchtlinge als Chance im Kampf gegen den demografischen Wandel begreifen. Das und andere heilsbringende Dinge werden gerade t\u00e4glich durch die deutschen Mainstream-Medien in die Welt posaunt.<\/p>\n<p>Halten wir zun\u00e4chst einmal fest: Menschen, die durch Krieg etc. in ihrem Leben bedroht sind, haben bei uns ein Recht auf Asyl. Das ist gut so und soll auch so bleiben. Wir sollten uns jedoch bei der Diskussion \u00fcber das gegenw\u00e4rtige Fl\u00fcchtlingsproblem die Ursachen nicht vergessen. Die sind zu einem nicht unerheblichen Teil in den geopolitischen Interessen der USA zu sehen. Denen war Assad ein Dorn im Auge, ebenso Saddam Hussein oder auch Ghadafi. Das diese Herrscher wiederum auch so ziemliche Verbrecher waren bzw. sind machte es nur einfacher, die Opposition in den jeweiligen L\u00e4ndern zu st\u00e4rken und die L\u00e4nder zu destabilisieren. Das Ergebnis sieht man ja. B\u00fcrgerkrieg, IS, Al Khaida und wie sie alle hei\u00dfen, sind eben ein Produkt dieser Destabilisierung wenn nicht sogar einer gezielten Aufr\u00fcstung (solange sie n\u00fctzlich waren\/sind).<\/p>\n<p>Aber kommen wir einmal zum demografischen Wandel zur\u00fcck. Klar ist, das wir als Gesellschaft immer mehr \u00c4ltere aber auch immer mehr nicht erwerbst\u00e4tige Menschen(die nur in wenigen F\u00e4llen als Arbeitslose z\u00e4hlen) mit versorgen m\u00fcssen. Es w\u00e4re nun sicher grunds\u00e4tzlich prima, wenn wir das Verh\u00e4ltnis durch mehr Erwerbst\u00e4tige verbessern k\u00f6nnten. Nur Bedarf es dazu neuer Arbeitspl\u00e4tze. Werfen wir einmal einen Blick auf die Entwicklung offener Stellen im <a href=\"http:\/\/ec.europa.eu\/eurostat\/statistics-explained\/index.php\/File:Job_vacancy_rate,_2003-13_(%C2%B9)_(%25)_YB15-de.png\">Euroraum<\/a> (langfristig ) als auch bei <a href=\"http:\/\/de.statista.com\/statistik\/daten\/studie\/2900\/umfrage\/entwicklung-des-gemeldeten-offenen-arbeitsstellenbestands\/\">uns<\/a> (im letzten Jahr), so bleiben bei mir Zweifel daran, das es diese Stellen \u00fcberhaupt gibt. Und das diese entstehen werden, halte ich auch f\u00fcr unsinnig. Warum? Weil die verschiedenen technologischen Entwicklungen eher die Zahl der Erwerbst\u00e4tigen verringern werden. Zum Beispiel autonom fahrende LKW&#8217;s, Drohnen die Pakete selbstst\u00e4ndig ausliefern, Reinigungsroboter (die Geb\u00e4udereiniger  und Haushaltshilfen ersetzen werden) etc.<br \/>\nDas Argument ist also faul. Bleibt als Fazit:<\/p>\n<p>Wir m\u00fcssen die Fl\u00fcchtlinge aufnehmen, weil wir zu bequem sind, die Politiker zu verjagen, die durch ihre politischen Entscheidungen erst die Ursachen f\u00fcr die derzeitigen Fl\u00fcchtlingsstr\u00f6me erzeugt haben.<\/p>\n","protected":false},"excerpt":{"rendered":"<p>Wir sollen die Fl\u00fcchtlinge als Chance im Kampf gegen den demografischen Wandel begreifen. Das und andere heilsbringende Dinge werden gerade t\u00e4glich durch die deutschen Mainstream-Medien in die Welt posaunt. Halten wir zun\u00e4chst einmal fest: Menschen, die durch Krieg etc. in ihrem Leben bedroht sind, haben bei uns ein Recht auf Asyl. Das ist gut so &hellip; <\/p>\n<p><a class=\"more-link btn\" href=\"https:\/\/wissen.science-and-fun.de\/privat\/2015\/09\/05\/fluechtlinge-als-chance-gegen-den-demografischen-wandel\/\">Weiterlesen<\/a><\/p>\n","protected":false},"author":1,"featured_media":0,"comment_status":"open","ping_status":"open","sticky":false,"template":"","format":"standard","meta":{"wprm-recipe-roundup-name":"","wprm-recipe-roundup-description":"","jetpack_post_was_ever_published":false,"_jetpack_newsletter_access":"","_jetpack_dont_email_post_to_subs":false,"_jetpack_newsletter_tier_id":0,"_jetpack_memberships_contains_paywalled_content":false,"_jetpack_memberships_contains_paid_content":false,"footnotes":"","jetpack_publicize_message":"","jetpack_publicize_feature_enabled":true,"jetpack_social_post_already_shared":true,"jetpack_social_options":{"image_generator_settings":{"template":"highway","default_image_id":0,"font":"","enabled":false},"version":2}},"categories":[3,19],"tags":[195],"class_list":["post-581","post","type-post","status-publish","format-standard","hentry","category-politik","category-tagesgeschehen","tag-fluechtlinge","item-wrap"],"jetpack_publicize_connections":[],"jetpack_featured_media_url":"","jetpack_shortlink":"https:\/\/wp.me\/p5DDOx-9n","jetpack_sharing_enabled":true,"_links":{"self":[{"href":"https:\/\/wissen.science-and-fun.de\/privat\/wp-json\/wp\/v2\/posts\/581","targetHints":{"allow":["GET"]}}],"collection":[{"href":"https:\/\/wissen.science-and-fun.de\/privat\/wp-json\/wp\/v2\/posts"}],"about":[{"href":"https:\/\/wissen.science-and-fun.de\/privat\/wp-json\/wp\/v2\/types\/post"}],"author":[{"embeddable":true,"href":"https:\/\/wissen.science-and-fun.de\/privat\/wp-json\/wp\/v2\/users\/1"}],"replies":[{"embeddable":true,"href":"https:\/\/wissen.science-and-fun.de\/privat\/wp-json\/wp\/v2\/comments?post=581"}],"version-history":[{"count":1,"href":"https:\/\/wissen.science-and-fun.de\/privat\/wp-json\/wp\/v2\/posts\/581\/revisions"}],"predecessor-version":[{"id":582,"href":"https:\/\/wissen.science-and-fun.de\/privat\/wp-json\/wp\/v2\/posts\/581\/revisions\/582"}],"wp:attachment":[{"href":"https:\/\/wissen.science-and-fun.de\/privat\/wp-json\/wp\/v2\/media?parent=581"}],"wp:term":[{"taxonomy":"category","embeddable":true,"href":"https:\/\/wissen.science-and-fun.de\/privat\/wp-json\/wp\/v2\/categories?post=581"},{"taxonomy":"post_tag","embeddable":true,"href":"https:\/\/wissen.science-and-fun.de\/privat\/wp-json\/wp\/v2\/tags?post=581"}],"curies":[{"name":"wp","href":"https:\/\/api.w.org\/{rel}","templated":true}]}}