{"id":578,"date":"2015-08-31T06:42:36","date_gmt":"2015-08-31T06:42:36","guid":{"rendered":"https:\/\/wissen.science-and-fun.de\/privat\/?p=578"},"modified":"2015-08-31T06:42:36","modified_gmt":"2015-08-31T06:42:36","slug":"ist-der-osten-wirklich-rassistischer","status":"publish","type":"post","link":"https:\/\/wissen.science-and-fun.de\/privat\/2015\/08\/31\/ist-der-osten-wirklich-rassistischer\/","title":{"rendered":"Ist der Osten wirklich rassistischer?"},"content":{"rendered":"<p>Die Frage wird derzeit hei\u00df diskutiert und ist f\u00fcr mich schon im Ansatz falsch. Au\u00dfer nat\u00fcrlich man h\u00e4lt den Negerkuss oder die Zigeunerso\u00dfe f\u00fcr rassistische Beleidigungen.\nTatsache ist aber, das gerade in den neuen Bundesl\u00e4nder massiv Proteste gegen Fl\u00fcchtlinge stattfinden und das diese Proteste ein N\u00e4hrboden f\u00fcr rechte Organisationen und deren Gedankengut darstellen. Aber warum ist das so?\nGanz einfach. Man mu\u00df sich nur die neuere Geschichte der neuen Bundesl\u00e4nder anschauen, also die letzen 25 Jahre. Tut man dies, so stellt man fest, das die B\u00fcrger hier im Osten gerade Kohl&#8217;s bl\u00fchende Landschaften \u00fcberstanden haben und sich bei vielen ein akzeptabler Lebensstandard etabliert hat. Und nun kommen massenhaft Fl\u00fcchtlinge. Das da einige ihre erarbeiteten Errungenschaften dahinflie\u00dfen sehen, mag zwar nur gef\u00fchlt sein aber allein die Vorstellung, diesen gerade erworbenen Lebensstandard wieder teilen zu m\u00fcssen, treibt die Leute auf die Strasse.\nEgal wie irreal die Furcht ist, sie ist da und es wird nichts dagegen getan. Ganz im Gegenteil. Gerade hetzt der Focus wieder gegen Ost- und Westrentner. Wobei zu bemerken ist, das der Rentenpunkt im Westen mehr wert ist als im Osten. Soviel also zur Einheit und dazu, das man sich nicht wundern mu\u00df, wenn es im Osten immer noch kocht und brodelt.<\/p>","protected":false},"excerpt":{"rendered":"<p>Die Frage wird derzeit hei\u00df diskutiert und ist f\u00fcr mich schon im Ansatz falsch. Au\u00dfer nat\u00fcrlich man h\u00e4lt den Negerkuss oder die Zigeunerso\u00dfe f\u00fcr rassistische Beleidigungen. Tatsache ist aber, das gerade in den neuen Bundesl\u00e4nder massiv Proteste gegen Fl\u00fcchtlinge stattfinden und das diese Proteste ein N\u00e4hrboden f\u00fcr rechte Organisationen und deren Gedankengut darstellen. Aber warum &hellip; <\/p><\/p>\n<p><a class=\"more-link btn\" href=\"https:\/\/wissen.science-and-fun.de\/privat\/2015\/08\/31\/ist-der-osten-wirklich-rassistischer\/\">Weiterlesen<\/a><\/p>","protected":false},"author":1,"featured_media":0,"comment_status":"open","ping_status":"open","sticky":false,"template":"","format":"standard","meta":{"wprm-recipe-roundup-name":"","wprm-recipe-roundup-description":"","jetpack_post_was_ever_published":false,"_jetpack_newsletter_access":"","_jetpack_dont_email_post_to_subs":false,"_jetpack_newsletter_tier_id":0,"_jetpack_memberships_contains_paywalled_content":false,"_jetpack_memberships_contains_paid_content":false,"footnotes":"","jetpack_publicize_message":"","jetpack_publicize_feature_enabled":true,"jetpack_social_post_already_shared":true,"jetpack_social_options":{"image_generator_settings":{"template":"highway","default_image_id":0,"font":"","enabled":false},"version":2}},"categories":[1],"tags":[],"class_list":["post-578","post","type-post","status-publish","format-standard","hentry","category-allgemein","item-wrap"],"jetpack_publicize_connections":[],"jetpack_featured_media_url":"","jetpack_shortlink":"https:\/\/wp.me\/p5DDOx-9k","jetpack_sharing_enabled":true,"_links":{"self":[{"href":"https:\/\/wissen.science-and-fun.de\/privat\/wp-json\/wp\/v2\/posts\/578","targetHints":{"allow":["GET"]}}],"collection":[{"href":"https:\/\/wissen.science-and-fun.de\/privat\/wp-json\/wp\/v2\/posts"}],"about":[{"href":"https:\/\/wissen.science-and-fun.de\/privat\/wp-json\/wp\/v2\/types\/post"}],"author":[{"embeddable":true,"href":"https:\/\/wissen.science-and-fun.de\/privat\/wp-json\/wp\/v2\/users\/1"}],"replies":[{"embeddable":true,"href":"https:\/\/wissen.science-and-fun.de\/privat\/wp-json\/wp\/v2\/comments?post=578"}],"version-history":[{"count":1,"href":"https:\/\/wissen.science-and-fun.de\/privat\/wp-json\/wp\/v2\/posts\/578\/revisions"}],"predecessor-version":[{"id":579,"href":"https:\/\/wissen.science-and-fun.de\/privat\/wp-json\/wp\/v2\/posts\/578\/revisions\/579"}],"wp:attachment":[{"href":"https:\/\/wissen.science-and-fun.de\/privat\/wp-json\/wp\/v2\/media?parent=578"}],"wp:term":[{"taxonomy":"category","embeddable":true,"href":"https:\/\/wissen.science-and-fun.de\/privat\/wp-json\/wp\/v2\/categories?post=578"},{"taxonomy":"post_tag","embeddable":true,"href":"https:\/\/wissen.science-and-fun.de\/privat\/wp-json\/wp\/v2\/tags?post=578"}],"curies":[{"name":"wp","href":"https:\/\/api.w.org\/{rel}","templated":true}]}}