{"id":370,"date":"2012-07-01T16:26:33","date_gmt":"2012-07-01T16:26:33","guid":{"rendered":"https:\/\/wissen.science-and-fun.de\/privat\/?p=370"},"modified":"2012-07-01T16:26:33","modified_gmt":"2012-07-01T16:26:33","slug":"funkstille-a-la-von-der-leyen","status":"publish","type":"post","link":"https:\/\/wissen.science-and-fun.de\/privat\/2012\/07\/01\/funkstille-a-la-von-der-leyen\/","title":{"rendered":"Funkstille a la von der Leyen"},"content":{"rendered":"<p>Bundesarbeitsministerin Ursula v.d.Leyen macht sich Gedanken \u00fcber die Arbeitswelt. Das ist grunds\u00e4tzlich nat\u00fcrlich sehr l\u00f6blich, schlie\u00dflich ist es ja ihr Job. Und nicht jeder Politiker macht seinen Job, geschweige denn richtig.\nAber bleiben wir einmal bei der Gedankenwelt der Frau Ministerin. Sie will nun etwas f\u00fcr die arbeitende Bev\u00f6lkerung tun und die Balance zwischen Arbeitswelt und Erholung wieder einstellen.Ein grunds\u00e4tzlich l\u00f6blicher Gedanke- Leider macht Frau v.d. Leyen jetzt mobile Ger\u00e4te wie Smartphones und die daraus resultierende st\u00e4ndige Erreichbarkeit als die Schuldigen f\u00fcr die Unbalance aus. Und damit geht sie wie fast immer am eigentlichen Problem vorbei. Denn schlie\u00dflich kann man mobile Endger\u00e4te auch abschalten, wenn man das will.\nDer Grund f\u00fcr den Zwang zur st\u00e4ndigen Erreichbarkeit, der dauernden Megaeffizienz etc. liegt in der Struktur des Arbeitsmarktes selbst und der durch SPD und Gr\u00fcne initiierten St\u00e4rkung des Niederiglohn- und Leiharbeitersektors sowie der fortdauernd hohen Arbeitslosigkeit. Denn dadurch werden Arbeitnehmer durch Arbeitgeber erpressbar! Wer nicht Erreichbar sein will, nicht effizient genug funktioniert etc., der wird eben ganz schnell mal gefeuert oder halt an den Verleiher zur\u00fcck geschickt. RETURN TO SENDER!\nWenn also Frau Ministerin wirklich etwas tun wollte, dann w\u00e4re als erstes eine Reform des Arbeitsmarktes und ein kompromi\u00dfloses Zur\u00fcckrollen der modernen Sklaventreiberei angesagt. Aber das will sie dann doch nicht.<\/p>","protected":false},"excerpt":{"rendered":"<p>Bundesarbeitsministerin Ursula v.d.Leyen macht sich Gedanken \u00fcber die Arbeitswelt. Das ist grunds\u00e4tzlich nat\u00fcrlich sehr l\u00f6blich, schlie\u00dflich ist es ja ihr Job. Und nicht jeder Politiker macht seinen Job, geschweige denn richtig. Aber bleiben wir einmal bei der Gedankenwelt der Frau Ministerin. Sie will nun etwas f\u00fcr die arbeitende Bev\u00f6lkerung tun und die Balance zwischen Arbeitswelt &hellip; <\/p><\/p>\n<p><a class=\"more-link btn\" href=\"https:\/\/wissen.science-and-fun.de\/privat\/2012\/07\/01\/funkstille-a-la-von-der-leyen\/\">Weiterlesen<\/a><\/p>","protected":false},"author":1,"featured_media":0,"comment_status":"open","ping_status":"open","sticky":false,"template":"","format":"standard","meta":{"wprm-recipe-roundup-name":"","wprm-recipe-roundup-description":"","jetpack_post_was_ever_published":false,"_jetpack_newsletter_access":"","_jetpack_dont_email_post_to_subs":false,"_jetpack_newsletter_tier_id":0,"_jetpack_memberships_contains_paywalled_content":false,"_jetpack_memberships_contains_paid_content":false,"footnotes":"","jetpack_publicize_message":"","jetpack_publicize_feature_enabled":true,"jetpack_social_post_already_shared":false,"jetpack_social_options":{"image_generator_settings":{"template":"highway","default_image_id":0,"font":"","enabled":false},"version":2}},"categories":[3,19],"tags":[126],"class_list":["post-370","post","type-post","status-publish","format-standard","hentry","category-politik","category-tagesgeschehen","tag-arbeitsmarkt","item-wrap"],"jetpack_publicize_connections":[],"jetpack_featured_media_url":"","jetpack_shortlink":"https:\/\/wp.me\/p5DDOx-5Y","jetpack_sharing_enabled":true,"_links":{"self":[{"href":"https:\/\/wissen.science-and-fun.de\/privat\/wp-json\/wp\/v2\/posts\/370","targetHints":{"allow":["GET"]}}],"collection":[{"href":"https:\/\/wissen.science-and-fun.de\/privat\/wp-json\/wp\/v2\/posts"}],"about":[{"href":"https:\/\/wissen.science-and-fun.de\/privat\/wp-json\/wp\/v2\/types\/post"}],"author":[{"embeddable":true,"href":"https:\/\/wissen.science-and-fun.de\/privat\/wp-json\/wp\/v2\/users\/1"}],"replies":[{"embeddable":true,"href":"https:\/\/wissen.science-and-fun.de\/privat\/wp-json\/wp\/v2\/comments?post=370"}],"version-history":[{"count":1,"href":"https:\/\/wissen.science-and-fun.de\/privat\/wp-json\/wp\/v2\/posts\/370\/revisions"}],"predecessor-version":[{"id":371,"href":"https:\/\/wissen.science-and-fun.de\/privat\/wp-json\/wp\/v2\/posts\/370\/revisions\/371"}],"wp:attachment":[{"href":"https:\/\/wissen.science-and-fun.de\/privat\/wp-json\/wp\/v2\/media?parent=370"}],"wp:term":[{"taxonomy":"category","embeddable":true,"href":"https:\/\/wissen.science-and-fun.de\/privat\/wp-json\/wp\/v2\/categories?post=370"},{"taxonomy":"post_tag","embeddable":true,"href":"https:\/\/wissen.science-and-fun.de\/privat\/wp-json\/wp\/v2\/tags?post=370"}],"curies":[{"name":"wp","href":"https:\/\/api.w.org\/{rel}","templated":true}]}}