{"id":364,"date":"2012-06-13T10:06:40","date_gmt":"2012-06-13T10:06:40","guid":{"rendered":"https:\/\/wissen.science-and-fun.de\/privat\/?p=364"},"modified":"2012-06-13T10:06:40","modified_gmt":"2012-06-13T10:06:40","slug":"rente-mit-74","status":"publish","type":"post","link":"https:\/\/wissen.science-and-fun.de\/privat\/2012\/06\/13\/rente-mit-74\/","title":{"rendered":"Rente mit 74"},"content":{"rendered":"<p>Die OECD fordert ein Renteneintrittsalter von 74 Jahren! (<a href=\"http:\/\/www.sueddeutsche.de\/wirtschaft\/oecd-studie-zum-renteneintrittsalter-mit-in-den-ruhestand-1.1379709\">http:\/\/www.sueddeutsche.de\/wirtschaft\/oecd-studie-zum-renteneintrittsalter-mit-in-den-ruhestand-1.1379709<\/a>)- Ja geht&#8217;s denn noch?\nSicher steigt die Lebenserwartung und ebenso ist Altersarmut eine Bedrohung f\u00fcr uns. Aber sollte nicht einmal der technische Fortschritt, Automation etc. daf\u00fcr sorgen, das der Mensch besser lebt? M\u00f6glich w\u00e4re es, wenn nicht eine riesige Umverteilung der Werte von Unten nach Oben weltweit stattfinden w\u00fcrde.\nUnd vor allem was bringt die Rente mit 74? Im Endeffekt doch nur eine stetig steigende Jugendarbeitslosigkeit! Junge, innovative, kreative und tatendurstige Menschen sind zum Nichtstun verurteilt, bekommen Zukunfts\u00e4ngste, sehen keinen Sinn im Leben, trauen sich keine Familie zu gr\u00fcnden und Kinder gro\u00df zu ziehen. Die Folge: psychische Erkrankungen explodieren, aber auch Gewalt, Kriminalit\u00e4t und Extremismus.\nAber das ficht die sogenannten Fachleute der OECD nicht an. Hier wird nur Erbsenz\u00e4hlerei betrieben anstatt auf die Entwicklung moderner(er) Gesellschaftsformation hinzuwirken. Auf gesellschaftliche Teilhabe aller- m\u00f6glich w\u00e4re da auf jeden Fall viel mehr, als heute getan wird. Aber dazu bedarf es einer Umverteilung von Oben nach Unten. Und daf\u00fcr wird die OECD nicht bezahlt.<\/p>","protected":false},"excerpt":{"rendered":"<p>Die OECD fordert ein Renteneintrittsalter von 74 Jahren! (<a href=\"http:\/\/www.sueddeutsche.de\/wirtschaft\/oecd-studie-zum-renteneintrittsalter-mit-in-den-ruhestand-1.1379709\">http:\/\/www.sueddeutsche.de\/wirtschaft\/oecd-studie-zum-renteneintrittsalter-mit-in-den-ruhestand-1.1379709<\/a>)- Ja geht&#8217;s denn noch? Sicher steigt die Lebenserwartung und ebenso ist Altersarmut eine Bedrohung f\u00fcr uns. Aber sollte nicht einmal der technische Fortschritt, Automation etc. daf\u00fcr sorgen, das der Mensch besser lebt? M\u00f6glich w\u00e4re es, wenn nicht eine riesige Umverteilung der Werte von Unten nach Oben &hellip; <\/p><\/p>\n<p><a class=\"more-link btn\" href=\"https:\/\/wissen.science-and-fun.de\/privat\/2012\/06\/13\/rente-mit-74\/\">Weiterlesen<\/a><\/p>","protected":false},"author":1,"featured_media":0,"comment_status":"open","ping_status":"open","sticky":false,"template":"","format":"standard","meta":{"wprm-recipe-roundup-name":"","wprm-recipe-roundup-description":"","jetpack_post_was_ever_published":false,"_jetpack_newsletter_access":"","_jetpack_dont_email_post_to_subs":false,"_jetpack_newsletter_tier_id":0,"_jetpack_memberships_contains_paywalled_content":false,"_jetpack_memberships_contains_paid_content":false,"footnotes":"","jetpack_publicize_message":"","jetpack_publicize_feature_enabled":true,"jetpack_social_post_already_shared":false,"jetpack_social_options":{"image_generator_settings":{"template":"highway","default_image_id":0,"font":"","enabled":false},"version":2}},"categories":[3,19],"tags":[124,123],"class_list":["post-364","post","type-post","status-publish","format-standard","hentry","category-politik","category-tagesgeschehen","tag-oecd","tag-rente","item-wrap"],"jetpack_publicize_connections":[],"jetpack_featured_media_url":"","jetpack_shortlink":"https:\/\/wp.me\/p5DDOx-5S","jetpack_sharing_enabled":true,"_links":{"self":[{"href":"https:\/\/wissen.science-and-fun.de\/privat\/wp-json\/wp\/v2\/posts\/364","targetHints":{"allow":["GET"]}}],"collection":[{"href":"https:\/\/wissen.science-and-fun.de\/privat\/wp-json\/wp\/v2\/posts"}],"about":[{"href":"https:\/\/wissen.science-and-fun.de\/privat\/wp-json\/wp\/v2\/types\/post"}],"author":[{"embeddable":true,"href":"https:\/\/wissen.science-and-fun.de\/privat\/wp-json\/wp\/v2\/users\/1"}],"replies":[{"embeddable":true,"href":"https:\/\/wissen.science-and-fun.de\/privat\/wp-json\/wp\/v2\/comments?post=364"}],"version-history":[{"count":1,"href":"https:\/\/wissen.science-and-fun.de\/privat\/wp-json\/wp\/v2\/posts\/364\/revisions"}],"predecessor-version":[{"id":365,"href":"https:\/\/wissen.science-and-fun.de\/privat\/wp-json\/wp\/v2\/posts\/364\/revisions\/365"}],"wp:attachment":[{"href":"https:\/\/wissen.science-and-fun.de\/privat\/wp-json\/wp\/v2\/media?parent=364"}],"wp:term":[{"taxonomy":"category","embeddable":true,"href":"https:\/\/wissen.science-and-fun.de\/privat\/wp-json\/wp\/v2\/categories?post=364"},{"taxonomy":"post_tag","embeddable":true,"href":"https:\/\/wissen.science-and-fun.de\/privat\/wp-json\/wp\/v2\/tags?post=364"}],"curies":[{"name":"wp","href":"https:\/\/api.w.org\/{rel}","templated":true}]}}