{"id":314,"date":"2012-01-28T08:15:05","date_gmt":"2012-01-28T08:15:05","guid":{"rendered":"https:\/\/wissen.science-and-fun.de\/privat\/?p=314"},"modified":"2012-01-28T08:15:05","modified_gmt":"2012-01-28T08:15:05","slug":"die-kalte-annektierung-griechenlands","status":"publish","type":"post","link":"https:\/\/wissen.science-and-fun.de\/privat\/2012\/01\/28\/die-kalte-annektierung-griechenlands\/","title":{"rendered":"Die kalte Annektierung Griechenlands"},"content":{"rendered":"<p>Auch wenn sich unsere (staatstreuen) Medien mit der Aff\u00e4re Wulff redlich bem\u00fcht haben von der Krise der  Euro-Zone abzulenken, so ist diese alles andere als vorbei. Und so verwundert es nicht, das sich nun herausstellt, das es in Griechenland nicht so recht voran geht mit der Krisenbew\u00e4ltigung (<a href=\"http:\/\/www.spiegel.de\/politik\/ausland\/0,1518,811922,00.html\">http:\/\/www.spiegel.de\/politik\/ausland\/0,1518,811922,00.html<\/a>). Und das war ja auch abzusehen. Mit der Vernichtung der Binnenwirtschaft durch massive Sparma\u00dfnahmen, die Gro\u00dfteile der Bev\u00f6lkerung schrittweise in den Ruin treiben, kann man keine Wirtschaft ankurbeln. Maximal eine Schattenwirtschaft erzeugt man so. Aber die wiederum leistet keinen Beitrag zur Sanierung der griechischen Staatsfinanzen.\nUnd da es mit Griechenlands Reformen nicht voran geht, hat man sich auf Seiten der EU unter Federf\u00fchrung Deutschlands folgendes \u00fcberlegt: Die Griechen geben ihre staatliche Souver\u00e4nit\u00e4t auf und \u00fcbertragen ihr Haushaltsrecht an einen EU Haushaltsbeauftragten.\nDas ist in meinen Augen eine Annektierung Griechenlands durch die EU unter deutscher Oberaufsicht.\nVon einer derartigen Politik meines Landes mu\u00df ich mich hier auf das sch\u00e4rfste distanzieren. Das ist keine L\u00f6sung sondern f\u00fchrt zu einer Versch\u00e4rfung der innereurop\u00e4ischen Konflikte. Und wir werden dann wieder die B\u00f6sen sein. Nein Danke!  <\/p>","protected":false},"excerpt":{"rendered":"<p>Auch wenn sich unsere (staatstreuen) Medien mit der Aff\u00e4re Wulff redlich bem\u00fcht haben von der Krise der Euro-Zone abzulenken, so ist diese alles andere als vorbei. Und so verwundert es nicht, das sich nun herausstellt, das es in Griechenland nicht so recht voran geht mit der Krisenbew\u00e4ltigung (<a href=\"http:\/\/www.spiegel.de\/politik\/ausland\/0,1518,811922,00.html\">http:\/\/www.spiegel.de\/politik\/ausland\/0,1518,811922,00.html<\/a>). Und das war ja auch abzusehen. Mit &hellip; <\/p><\/p>\n<p><a class=\"more-link btn\" href=\"https:\/\/wissen.science-and-fun.de\/privat\/2012\/01\/28\/die-kalte-annektierung-griechenlands\/\">Weiterlesen<\/a><\/p>","protected":false},"author":1,"featured_media":0,"comment_status":"open","ping_status":"open","sticky":false,"template":"","format":"standard","meta":{"wprm-recipe-roundup-name":"","wprm-recipe-roundup-description":"","jetpack_post_was_ever_published":false,"_jetpack_newsletter_access":"","_jetpack_dont_email_post_to_subs":false,"_jetpack_newsletter_tier_id":0,"_jetpack_memberships_contains_paywalled_content":false,"_jetpack_memberships_contains_paid_content":false,"footnotes":"","jetpack_publicize_message":"","jetpack_publicize_feature_enabled":true,"jetpack_social_post_already_shared":false,"jetpack_social_options":{"image_generator_settings":{"template":"highway","default_image_id":0,"font":"","enabled":false},"version":2}},"categories":[3,19],"tags":[48],"class_list":["post-314","post","type-post","status-publish","format-standard","hentry","category-politik","category-tagesgeschehen","tag-griechenland","item-wrap"],"jetpack_publicize_connections":[],"jetpack_featured_media_url":"","jetpack_shortlink":"https:\/\/wp.me\/p5DDOx-54","jetpack_sharing_enabled":true,"_links":{"self":[{"href":"https:\/\/wissen.science-and-fun.de\/privat\/wp-json\/wp\/v2\/posts\/314","targetHints":{"allow":["GET"]}}],"collection":[{"href":"https:\/\/wissen.science-and-fun.de\/privat\/wp-json\/wp\/v2\/posts"}],"about":[{"href":"https:\/\/wissen.science-and-fun.de\/privat\/wp-json\/wp\/v2\/types\/post"}],"author":[{"embeddable":true,"href":"https:\/\/wissen.science-and-fun.de\/privat\/wp-json\/wp\/v2\/users\/1"}],"replies":[{"embeddable":true,"href":"https:\/\/wissen.science-and-fun.de\/privat\/wp-json\/wp\/v2\/comments?post=314"}],"version-history":[{"count":1,"href":"https:\/\/wissen.science-and-fun.de\/privat\/wp-json\/wp\/v2\/posts\/314\/revisions"}],"predecessor-version":[{"id":315,"href":"https:\/\/wissen.science-and-fun.de\/privat\/wp-json\/wp\/v2\/posts\/314\/revisions\/315"}],"wp:attachment":[{"href":"https:\/\/wissen.science-and-fun.de\/privat\/wp-json\/wp\/v2\/media?parent=314"}],"wp:term":[{"taxonomy":"category","embeddable":true,"href":"https:\/\/wissen.science-and-fun.de\/privat\/wp-json\/wp\/v2\/categories?post=314"},{"taxonomy":"post_tag","embeddable":true,"href":"https:\/\/wissen.science-and-fun.de\/privat\/wp-json\/wp\/v2\/tags?post=314"}],"curies":[{"name":"wp","href":"https:\/\/api.w.org\/{rel}","templated":true}]}}