{"id":309,"date":"2012-01-28T07:49:55","date_gmt":"2012-01-28T07:49:55","guid":{"rendered":"https:\/\/wissen.science-and-fun.de\/privat\/?p=309"},"modified":"2012-01-28T07:51:52","modified_gmt":"2012-01-28T07:51:52","slug":"wahlrecht-ohne-altersbegrenzung","status":"publish","type":"post","link":"https:\/\/wissen.science-and-fun.de\/privat\/2012\/01\/28\/wahlrecht-ohne-altersbegrenzung\/","title":{"rendered":"Wahlrecht ohne Altersbegrenzung"},"content":{"rendered":"<p>Wenn man zur aktuellen Tagespolitik kaum Beitr\u00e4ge leisten kann und auf die dringendsten Fragen der Menschen keine Antwort wei\u00df, dann sucht man sich halt ein Thema zum Polarisieren. Die Berliner Piratenfraktion hat das beherzigt und fordert nun eine schrittweise Einf\u00fchrung des Wahlrechts ohne Altersbegrenzung (<a href=\"https:\/\/redmine.piratenfraktion-berlin.de\/issues\/731\">https:\/\/redmine.piratenfraktion-berlin.de\/issues\/731<\/a>). Zumindest bis zur 20. Legislaturperiode soll es auf 7 Jahre abgesenkt werden.\nIch sehe es schon deutlich vor meinen Augen, die Klasse 2a der Grundschule &#8230; tritt an um gemeinsam w\u00e4hlen zu gehen.\nOk!\nDas ist \u00fcbertrieben, schlie\u00dflich w\u00e4hlen wir am Sonntag und da ist die Schule zu. Aber nichts desto trotz sollen nach Willen der Piraten Grundsch\u00fcler, die gerade <strong>Mama<\/strong> lese gelernt haben \u00fcber Kommunalpolitik entscheiden. Und in Zukunft vielleicht auch noch \u00fcber sehr viel mehr.\nNun, ich war ja selber fast zwei Jahre Pirat, bevor mich die Zust\u00e4nde in Brandenburg als auch eine Reihe Beschl\u00fcsse des Chemnitzer Parteitags dazu veranlasst haben, diese Partei wieder zu verlassen. Und je mehr Abstand ich gewinnen, um so mehr wundere ich mich \u00fcber die politische Entwicklung der Piraten. Und ich verstehe die Intentionen nicht mehr. Will man denn keine an der gesellschaftlichen Realit\u00e4t orientierte Politik machen? Die EU verabschiedet ACTA und die Piraten streiten \u00fcber das Wahlrecht ab 7. Oder die Postenverteilung beim n\u00e4chsten Bundesparteitag. Da kann ich langsam nur noch hoffen, das die Piraten bald Geschichte sind und sich eine wirklich an den B\u00fcrgerrechten orientierte Partei in der Mitte des politischen Spektrums findet, damit nicht der letzte Rest an Politkinteresse und an Demokratie auch noch den Orkus runter geht.<\/p>","protected":false},"excerpt":{"rendered":"<p>Wenn man zur aktuellen Tagespolitik kaum Beitr\u00e4ge leisten kann und auf die dringendsten Fragen der Menschen keine Antwort wei\u00df, dann sucht man sich halt ein Thema zum Polarisieren. Die Berliner Piratenfraktion hat das beherzigt und fordert nun eine schrittweise Einf\u00fchrung des Wahlrechts ohne Altersbegrenzung (<a href=\"https:\/\/redmine.piratenfraktion-berlin.de\/issues\/731\">https:\/\/redmine.piratenfraktion-berlin.de\/issues\/731<\/a>). Zumindest bis zur 20. Legislaturperiode soll es auf 7 Jahre &hellip; <\/p><\/p>\n<p><a class=\"more-link btn\" href=\"https:\/\/wissen.science-and-fun.de\/privat\/2012\/01\/28\/wahlrecht-ohne-altersbegrenzung\/\">Weiterlesen<\/a><\/p>","protected":false},"author":1,"featured_media":0,"comment_status":"open","ping_status":"open","sticky":false,"template":"","format":"standard","meta":{"wprm-recipe-roundup-name":"","wprm-recipe-roundup-description":"","jetpack_post_was_ever_published":false,"_jetpack_newsletter_access":"","_jetpack_dont_email_post_to_subs":false,"_jetpack_newsletter_tier_id":0,"_jetpack_memberships_contains_paywalled_content":false,"_jetpack_memberships_contains_paid_content":false,"footnotes":"","jetpack_publicize_message":"","jetpack_publicize_feature_enabled":true,"jetpack_social_post_already_shared":false,"jetpack_social_options":{"image_generator_settings":{"template":"highway","default_image_id":0,"font":"","enabled":false},"version":2}},"categories":[3,19],"tags":[45,103],"class_list":["post-309","post","type-post","status-publish","format-standard","hentry","category-politik","category-tagesgeschehen","tag-piraten","tag-wahlrecht","item-wrap"],"jetpack_publicize_connections":[],"jetpack_featured_media_url":"","jetpack_shortlink":"https:\/\/wp.me\/p5DDOx-4Z","jetpack_sharing_enabled":true,"_links":{"self":[{"href":"https:\/\/wissen.science-and-fun.de\/privat\/wp-json\/wp\/v2\/posts\/309","targetHints":{"allow":["GET"]}}],"collection":[{"href":"https:\/\/wissen.science-and-fun.de\/privat\/wp-json\/wp\/v2\/posts"}],"about":[{"href":"https:\/\/wissen.science-and-fun.de\/privat\/wp-json\/wp\/v2\/types\/post"}],"author":[{"embeddable":true,"href":"https:\/\/wissen.science-and-fun.de\/privat\/wp-json\/wp\/v2\/users\/1"}],"replies":[{"embeddable":true,"href":"https:\/\/wissen.science-and-fun.de\/privat\/wp-json\/wp\/v2\/comments?post=309"}],"version-history":[{"count":3,"href":"https:\/\/wissen.science-and-fun.de\/privat\/wp-json\/wp\/v2\/posts\/309\/revisions"}],"predecessor-version":[{"id":312,"href":"https:\/\/wissen.science-and-fun.de\/privat\/wp-json\/wp\/v2\/posts\/309\/revisions\/312"}],"wp:attachment":[{"href":"https:\/\/wissen.science-and-fun.de\/privat\/wp-json\/wp\/v2\/media?parent=309"}],"wp:term":[{"taxonomy":"category","embeddable":true,"href":"https:\/\/wissen.science-and-fun.de\/privat\/wp-json\/wp\/v2\/categories?post=309"},{"taxonomy":"post_tag","embeddable":true,"href":"https:\/\/wissen.science-and-fun.de\/privat\/wp-json\/wp\/v2\/tags?post=309"}],"curies":[{"name":"wp","href":"https:\/\/api.w.org\/{rel}","templated":true}]}}