{"id":237,"date":"2011-10-09T13:57:38","date_gmt":"2011-10-09T13:57:38","guid":{"rendered":"https:\/\/wissen.science-and-fun.de\/privat\/?p=237"},"modified":"2011-10-09T13:57:38","modified_gmt":"2011-10-09T13:57:38","slug":"ganz-dicke-fur-die-piraten","status":"publish","type":"post","link":"https:\/\/wissen.science-and-fun.de\/privat\/2011\/10\/09\/ganz-dicke-fur-die-piraten\/","title":{"rendered":"Ganz dicke f\u00fcr die Piraten"},"content":{"rendered":"<p>Und (obwohl ich eigentlich nichts mehr zu den Piraten schreiben wollte) dann kommt es noch ganz dicke f\u00fcr die Piraten, die schon mit Bodo Thie\u00dfen immer wieder in die braune Ecke geschoben worden sind. Jetzt kommt aus Bayern folgende Meldung:<\/p>\n<blockquote>\n<blockquote>\n<p>Der amtierende Kreisvorsitzende der Piratenpartei \u201eOberpirat\u201c Valentin Seipt\u201c hat eine braune politische Vergangenheit. Zwischen 2007 und 2009 war er stellvertretender Kreisvorsitzender der Nationaldemokratischen Partei Deutschlands (NPD). Dann wechselte er zeitlich fast nahtlos zu den Piraten \u00fcber. &lt;&lt;\nQuelle: <a href=\"http:\/\/wp1175495.wp197.webpack.hosteurope.de\/index.php?option=com_content&amp;view=article&amp;id=10261:freisings-oberpirat-frueher-npd-vize-chef&amp;catid=34:freising&amp;Itemid=53\">http:\/\/wp1175495.wp197.webpack.hosteurope.de\/index.php?option=com_content&amp;view=article&amp;id=10261:freisings-oberpirat-frueher-npd-vize-chef&amp;catid=34:freising&amp;Itemid=53<\/a><\/p>\n<\/blockquote>\n<\/blockquote>\n<p>Und als ob das noch nicht genug w\u00e4re kommt aus Mecklenburg- Vorpommern folgende Meldung:\nEin Beisitzer des aktuellen Landesvorstandes und gew\u00e4hltes Kreistagsmitglied besitzt ebenfalls eine angebr\u00e4unte Vergangenheit: <a href=\"http:\/\/piratenpartei-mv.de\/stellungnahme-zur-fr%C3%BCherer-npd-mitgliedschaft-des-vorstandsmitglieds-matthias-bahner\">http:\/\/piratenpartei-mv.de\/stellungnahme-zur-fr%C3%BCherer-npd-mitgliedschaft-des-vorstandsmitglieds-matthias-bahner<\/a><\/p>\n<p>Nun ok. Jeder kann Fehler machen und sich \u00e4ndern. Jeder hat deshalb eine zweite Chance verdient. Aber der Zeitpunkt k\u00f6nnte ung\u00fcnstiger nicht sein.<\/p>","protected":false},"excerpt":{"rendered":"<p>Und (obwohl ich eigentlich nichts mehr zu den Piraten schreiben wollte) dann kommt es noch ganz dicke f\u00fcr die Piraten, die schon mit Bodo Thie\u00dfen immer wieder in die braune Ecke geschoben worden sind. Jetzt kommt aus Bayern folgende Meldung: Der amtierende Kreisvorsitzende der Piratenpartei \u201eOberpirat\u201c Valentin Seipt\u201c hat eine braune politische Vergangenheit. Zwischen 2007 &hellip; <\/p><\/p>\n<p><a class=\"more-link btn\" href=\"https:\/\/wissen.science-and-fun.de\/privat\/2011\/10\/09\/ganz-dicke-fur-die-piraten\/\">Weiterlesen<\/a><\/p>","protected":false},"author":1,"featured_media":0,"comment_status":"open","ping_status":"open","sticky":false,"template":"","format":"standard","meta":{"wprm-recipe-roundup-name":"","wprm-recipe-roundup-description":"","jetpack_post_was_ever_published":false,"_jetpack_newsletter_access":"","_jetpack_dont_email_post_to_subs":false,"_jetpack_newsletter_tier_id":0,"_jetpack_memberships_contains_paywalled_content":false,"_jetpack_memberships_contains_paid_content":false,"footnotes":"","jetpack_publicize_message":"","jetpack_publicize_feature_enabled":true,"jetpack_social_post_already_shared":false,"jetpack_social_options":{"image_generator_settings":{"template":"highway","default_image_id":0,"font":"","enabled":false},"version":2}},"categories":[3],"tags":[],"class_list":["post-237","post","type-post","status-publish","format-standard","hentry","category-politik","item-wrap"],"jetpack_publicize_connections":[],"jetpack_featured_media_url":"","jetpack_shortlink":"https:\/\/wp.me\/p5DDOx-3P","jetpack_sharing_enabled":true,"_links":{"self":[{"href":"https:\/\/wissen.science-and-fun.de\/privat\/wp-json\/wp\/v2\/posts\/237","targetHints":{"allow":["GET"]}}],"collection":[{"href":"https:\/\/wissen.science-and-fun.de\/privat\/wp-json\/wp\/v2\/posts"}],"about":[{"href":"https:\/\/wissen.science-and-fun.de\/privat\/wp-json\/wp\/v2\/types\/post"}],"author":[{"embeddable":true,"href":"https:\/\/wissen.science-and-fun.de\/privat\/wp-json\/wp\/v2\/users\/1"}],"replies":[{"embeddable":true,"href":"https:\/\/wissen.science-and-fun.de\/privat\/wp-json\/wp\/v2\/comments?post=237"}],"version-history":[{"count":1,"href":"https:\/\/wissen.science-and-fun.de\/privat\/wp-json\/wp\/v2\/posts\/237\/revisions"}],"predecessor-version":[{"id":238,"href":"https:\/\/wissen.science-and-fun.de\/privat\/wp-json\/wp\/v2\/posts\/237\/revisions\/238"}],"wp:attachment":[{"href":"https:\/\/wissen.science-and-fun.de\/privat\/wp-json\/wp\/v2\/media?parent=237"}],"wp:term":[{"taxonomy":"category","embeddable":true,"href":"https:\/\/wissen.science-and-fun.de\/privat\/wp-json\/wp\/v2\/categories?post=237"},{"taxonomy":"post_tag","embeddable":true,"href":"https:\/\/wissen.science-and-fun.de\/privat\/wp-json\/wp\/v2\/tags?post=237"}],"curies":[{"name":"wp","href":"https:\/\/api.w.org\/{rel}","templated":true}]}}