{"id":6238,"date":"2018-06-10T14:47:38","date_gmt":"2018-06-10T14:47:38","guid":{"rendered":"https:\/\/wissen.science-and-fun.de\/kochen\/?p=6238"},"modified":"2018-03-10T14:50:36","modified_gmt":"2018-03-10T14:50:36","slug":"garten-im-juni","status":"publish","type":"post","link":"https:\/\/wissen.science-and-fun.de\/kochen\/2018\/06\/10\/garten-im-juni\/","title":{"rendered":"Garten im Juni"},"content":{"rendered":"<p>F\u00fcr den G\u00e4rtner wird es nun Zeit, sich um seine Fr\u00fcchte zu k\u00fcmmern. Erdbeeren m\u00fcssen mit untergelegtem Stroh vorm Faulen gesch\u00fctzt werden. Unter Beerenstr\u00e4uchern sollte man die Mulchschicht erneuern, bevor sie verrottet. Schwache Himbeer- und Brombeerzweige m\u00fcssen abgeschnitten und kr\u00e4ftige hochgebunden werden. <\/p>\n","protected":false},"excerpt":{"rendered":"<p>F\u00fcr den G\u00e4rtner wird es nun Zeit, sich um seine Fr\u00fcchte zu k\u00fcmmern. Erdbeeren m\u00fcssen mit untergelegtem Stroh vorm Faulen gesch\u00fctzt werden. Unter Beerenstr\u00e4uchern sollte man die Mulchschicht erneuern, bevor sie verrottet. Schwache Himbeer- und Brombeerzweige m\u00fcssen abgeschnitten und kr\u00e4ftige hochgebunden werden.<\/p>\n","protected":false},"author":1,"featured_media":0,"comment_status":"open","ping_status":"open","sticky":false,"template":"","format":"standard","meta":{"wprm-recipe-roundup-name":"","wprm-recipe-roundup-description":"","_crdt_document":"","jetpack_post_was_ever_published":false,"_jetpack_newsletter_access":"","_jetpack_dont_email_post_to_subs":false,"_jetpack_newsletter_tier_id":0,"_jetpack_memberships_contains_paywalled_content":false,"_jetpack_memberships_contains_paid_content":false,"footnotes":"","jetpack_publicize_message":"","jetpack_publicize_feature_enabled":true,"jetpack_social_post_already_shared":true,"jetpack_social_options":{"image_generator_settings":{"template":"highway","default_image_id":0,"font":"","enabled":false},"version":2}},"categories":[782,778],"tags":[779],"class_list":["post-6238","post","type-post","status-publish","format-standard","hentry","category-garten","category-haus-garten","tag-garten","item-wrap"],"yoast_head":"<!-- This site is optimized with the Yoast SEO plugin v27.4 - https:\/\/yoast.com\/product\/yoast-seo-wordpress\/ -->\n<title>Garten im Juni<\/title>\n<meta name=\"description\" content=\"Haus &amp; Garten - Garten im Juni\" \/>\n<meta name=\"robots\" content=\"index, follow, max-snippet:-1, max-image-preview:large, max-video-preview:-1\" \/>\n<link rel=\"canonical\" href=\"https:\/\/wissen.science-and-fun.de\/kochen\/2018\/06\/10\/garten-im-juni\/\" \/>\n<meta property=\"og:locale\" content=\"de_DE\" \/>\n<meta property=\"og:type\" content=\"article\" \/>\n<meta property=\"og:title\" content=\"Garten im Juni\" \/>\n<meta property=\"og:description\" content=\"Haus &amp; Garten - Garten im Juni\" \/>\n<meta property=\"og:url\" content=\"https:\/\/wissen.science-and-fun.de\/kochen\/2018\/06\/10\/garten-im-juni\/\" \/>\n<meta property=\"og:site_name\" content=\"Steffen&#039;s Haushaltsblog\" \/>\n<meta property=\"article:publisher\" content=\"https:\/\/www.facebook.com\/steffen.thomas1\" \/>\n<meta property=\"article:author\" content=\"https:\/\/www.facebook.com\/steffen.thomas1\" \/>\n<meta property=\"article:published_time\" content=\"2018-06-10T14:47:38+00:00\" \/>\n<meta name=\"author\" content=\"Steffen\" \/>\n<meta name=\"twitter:label1\" content=\"Verfasst von\" \/>\n\t<meta name=\"twitter:data1\" content=\"Steffen\" \/>\n<script type=\"application\/ld+json\" class=\"yoast-schema-graph\">{\"@context\":\"https:\\\/\\\/schema.org\",\"@graph\":[{\"@type\":\"Article\",\"@id\":\"https:\\\/\\\/wissen.science-and-fun.de\\\/kochen\\\/2018\\\/06\\\/10\\\/garten-im-juni\\\/#article\",\"isPartOf\":{\"@id\":\"https:\\\/\\\/wissen.science-and-fun.de\\\/kochen\\\/2018\\\/06\\\/10\\\/garten-im-juni\\\/\"},\"author\":{\"name\":\"Steffen\",\"@id\":\"https:\\\/\\\/wissen.science-and-fun.de\\\/kochen\\\/#\\\/schema\\\/person\\\/910dc13be3cb31f39d8707d607e929e8\"},\"headline\":\"Garten im Juni\",\"datePublished\":\"2018-06-10T14:47:38+00:00\",\"mainEntityOfPage\":{\"@id\":\"https:\\\/\\\/wissen.science-and-fun.de\\\/kochen\\\/2018\\\/06\\\/10\\\/garten-im-juni\\\/\"},\"wordCount\":54,\"commentCount\":0,\"publisher\":{\"@id\":\"https:\\\/\\\/wissen.science-and-fun.de\\\/kochen\\\/#\\\/schema\\\/person\\\/910dc13be3cb31f39d8707d607e929e8\"},\"keywords\":[\"Garten\"],\"articleSection\":[\"Garten\",\"Haus &amp; Garten\"],\"inLanguage\":\"de\",\"potentialAction\":[{\"@type\":\"CommentAction\",\"name\":\"Comment\",\"target\":[\"https:\\\/\\\/wissen.science-and-fun.de\\\/kochen\\\/2018\\\/06\\\/10\\\/garten-im-juni\\\/#respond\"]}]},{\"@type\":\"WebPage\",\"@id\":\"https:\\\/\\\/wissen.science-and-fun.de\\\/kochen\\\/2018\\\/06\\\/10\\\/garten-im-juni\\\/\",\"url\":\"https:\\\/\\\/wissen.science-and-fun.de\\\/kochen\\\/2018\\\/06\\\/10\\\/garten-im-juni\\\/\",\"name\":\"Garten im Juni\",\"isPartOf\":{\"@id\":\"https:\\\/\\\/wissen.science-and-fun.de\\\/kochen\\\/#website\"},\"datePublished\":\"2018-06-10T14:47:38+00:00\",\"description\":\"Haus &amp; Garten - Garten im Juni\",\"breadcrumb\":{\"@id\":\"https:\\\/\\\/wissen.science-and-fun.de\\\/kochen\\\/2018\\\/06\\\/10\\\/garten-im-juni\\\/#breadcrumb\"},\"inLanguage\":\"de\",\"potentialAction\":[{\"@type\":\"ReadAction\",\"target\":[\"https:\\\/\\\/wissen.science-and-fun.de\\\/kochen\\\/2018\\\/06\\\/10\\\/garten-im-juni\\\/\"]}]},{\"@type\":\"BreadcrumbList\",\"@id\":\"https:\\\/\\\/wissen.science-and-fun.de\\\/kochen\\\/2018\\\/06\\\/10\\\/garten-im-juni\\\/#breadcrumb\",\"itemListElement\":[{\"@type\":\"ListItem\",\"position\":1,\"name\":\"Home\",\"item\":\"https:\\\/\\\/wissen.science-and-fun.de\\\/kochen\\\/\"},{\"@type\":\"ListItem\",\"position\":2,\"name\":\"Garten im Juni\"}]},{\"@type\":\"WebSite\",\"@id\":\"https:\\\/\\\/wissen.science-and-fun.de\\\/kochen\\\/#website\",\"url\":\"https:\\\/\\\/wissen.science-and-fun.de\\\/kochen\\\/\",\"name\":\"Steffen&#039;s Haushaltsblog\",\"description\":\"Kunst trifft Essen - Viele Bilder sind KI Kreationen und keine realen Abbildungen. - t.me\\\/ki_kunst \",\"publisher\":{\"@id\":\"https:\\\/\\\/wissen.science-and-fun.de\\\/kochen\\\/#\\\/schema\\\/person\\\/910dc13be3cb31f39d8707d607e929e8\"},\"potentialAction\":[{\"@type\":\"SearchAction\",\"target\":{\"@type\":\"EntryPoint\",\"urlTemplate\":\"https:\\\/\\\/wissen.science-and-fun.de\\\/kochen\\\/?s={search_term_string}\"},\"query-input\":{\"@type\":\"PropertyValueSpecification\",\"valueRequired\":true,\"valueName\":\"search_term_string\"}}],\"inLanguage\":\"de\"},{\"@type\":[\"Person\",\"Organization\"],\"@id\":\"https:\\\/\\\/wissen.science-and-fun.de\\\/kochen\\\/#\\\/schema\\\/person\\\/910dc13be3cb31f39d8707d607e929e8\",\"name\":\"Steffen\",\"image\":{\"@type\":\"ImageObject\",\"inLanguage\":\"de\",\"@id\":\"https:\\\/\\\/secure.gravatar.com\\\/avatar\\\/6ff13dd29c0d1b8a17460ca74a1e0eee159c14d00728cf5e1a7ee30f8ffdf195?s=96&d=mm&r=g\",\"url\":\"https:\\\/\\\/secure.gravatar.com\\\/avatar\\\/6ff13dd29c0d1b8a17460ca74a1e0eee159c14d00728cf5e1a7ee30f8ffdf195?s=96&d=mm&r=g\",\"contentUrl\":\"https:\\\/\\\/secure.gravatar.com\\\/avatar\\\/6ff13dd29c0d1b8a17460ca74a1e0eee159c14d00728cf5e1a7ee30f8ffdf195?s=96&d=mm&r=g\",\"caption\":\"Steffen\"},\"logo\":{\"@id\":\"https:\\\/\\\/secure.gravatar.com\\\/avatar\\\/6ff13dd29c0d1b8a17460ca74a1e0eee159c14d00728cf5e1a7ee30f8ffdf195?s=96&d=mm&r=g\"},\"sameAs\":[\"https:\\\/\\\/sthomas.de\",\"https:\\\/\\\/www.facebook.com\\\/steffen.thomas1\",\"https:\\\/\\\/x.com\\\/steto123\"],\"url\":\"https:\\\/\\\/wissen.science-and-fun.de\\\/kochen\\\/author\\\/wp_admin\\\/\"}]}<\/script>\n<!-- \/ Yoast SEO plugin. -->","yoast_head_json":{"title":"Garten im Juni","description":"Haus &amp; Garten - Garten im Juni","robots":{"index":"index","follow":"follow","max-snippet":"max-snippet:-1","max-image-preview":"max-image-preview:large","max-video-preview":"max-video-preview:-1"},"canonical":"https:\/\/wissen.science-and-fun.de\/kochen\/2018\/06\/10\/garten-im-juni\/","og_locale":"de_DE","og_type":"article","og_title":"Garten im Juni","og_description":"Haus &amp; Garten - Garten im Juni","og_url":"https:\/\/wissen.science-and-fun.de\/kochen\/2018\/06\/10\/garten-im-juni\/","og_site_name":"Steffen&#039;s Haushaltsblog","article_publisher":"https:\/\/www.facebook.com\/steffen.thomas1","article_author":"https:\/\/www.facebook.com\/steffen.thomas1","article_published_time":"2018-06-10T14:47:38+00:00","author":"Steffen","twitter_misc":{"Verfasst von":"Steffen"},"schema":{"@context":"https:\/\/schema.org","@graph":[{"@type":"Article","@id":"https:\/\/wissen.science-and-fun.de\/kochen\/2018\/06\/10\/garten-im-juni\/#article","isPartOf":{"@id":"https:\/\/wissen.science-and-fun.de\/kochen\/2018\/06\/10\/garten-im-juni\/"},"author":{"name":"Steffen","@id":"https:\/\/wissen.science-and-fun.de\/kochen\/#\/schema\/person\/910dc13be3cb31f39d8707d607e929e8"},"headline":"Garten im Juni","datePublished":"2018-06-10T14:47:38+00:00","mainEntityOfPage":{"@id":"https:\/\/wissen.science-and-fun.de\/kochen\/2018\/06\/10\/garten-im-juni\/"},"wordCount":54,"commentCount":0,"publisher":{"@id":"https:\/\/wissen.science-and-fun.de\/kochen\/#\/schema\/person\/910dc13be3cb31f39d8707d607e929e8"},"keywords":["Garten"],"articleSection":["Garten","Haus &amp; Garten"],"inLanguage":"de","potentialAction":[{"@type":"CommentAction","name":"Comment","target":["https:\/\/wissen.science-and-fun.de\/kochen\/2018\/06\/10\/garten-im-juni\/#respond"]}]},{"@type":"WebPage","@id":"https:\/\/wissen.science-and-fun.de\/kochen\/2018\/06\/10\/garten-im-juni\/","url":"https:\/\/wissen.science-and-fun.de\/kochen\/2018\/06\/10\/garten-im-juni\/","name":"Garten im Juni","isPartOf":{"@id":"https:\/\/wissen.science-and-fun.de\/kochen\/#website"},"datePublished":"2018-06-10T14:47:38+00:00","description":"Haus &amp; Garten - Garten im Juni","breadcrumb":{"@id":"https:\/\/wissen.science-and-fun.de\/kochen\/2018\/06\/10\/garten-im-juni\/#breadcrumb"},"inLanguage":"de","potentialAction":[{"@type":"ReadAction","target":["https:\/\/wissen.science-and-fun.de\/kochen\/2018\/06\/10\/garten-im-juni\/"]}]},{"@type":"BreadcrumbList","@id":"https:\/\/wissen.science-and-fun.de\/kochen\/2018\/06\/10\/garten-im-juni\/#breadcrumb","itemListElement":[{"@type":"ListItem","position":1,"name":"Home","item":"https:\/\/wissen.science-and-fun.de\/kochen\/"},{"@type":"ListItem","position":2,"name":"Garten im Juni"}]},{"@type":"WebSite","@id":"https:\/\/wissen.science-and-fun.de\/kochen\/#website","url":"https:\/\/wissen.science-and-fun.de\/kochen\/","name":"Steffen&#039;s Haushaltsblog","description":"Kunst trifft Essen - Viele Bilder sind KI Kreationen und keine realen Abbildungen. - t.me\/ki_kunst ","publisher":{"@id":"https:\/\/wissen.science-and-fun.de\/kochen\/#\/schema\/person\/910dc13be3cb31f39d8707d607e929e8"},"potentialAction":[{"@type":"SearchAction","target":{"@type":"EntryPoint","urlTemplate":"https:\/\/wissen.science-and-fun.de\/kochen\/?s={search_term_string}"},"query-input":{"@type":"PropertyValueSpecification","valueRequired":true,"valueName":"search_term_string"}}],"inLanguage":"de"},{"@type":["Person","Organization"],"@id":"https:\/\/wissen.science-and-fun.de\/kochen\/#\/schema\/person\/910dc13be3cb31f39d8707d607e929e8","name":"Steffen","image":{"@type":"ImageObject","inLanguage":"de","@id":"https:\/\/secure.gravatar.com\/avatar\/6ff13dd29c0d1b8a17460ca74a1e0eee159c14d00728cf5e1a7ee30f8ffdf195?s=96&d=mm&r=g","url":"https:\/\/secure.gravatar.com\/avatar\/6ff13dd29c0d1b8a17460ca74a1e0eee159c14d00728cf5e1a7ee30f8ffdf195?s=96&d=mm&r=g","contentUrl":"https:\/\/secure.gravatar.com\/avatar\/6ff13dd29c0d1b8a17460ca74a1e0eee159c14d00728cf5e1a7ee30f8ffdf195?s=96&d=mm&r=g","caption":"Steffen"},"logo":{"@id":"https:\/\/secure.gravatar.com\/avatar\/6ff13dd29c0d1b8a17460ca74a1e0eee159c14d00728cf5e1a7ee30f8ffdf195?s=96&d=mm&r=g"},"sameAs":["https:\/\/sthomas.de","https:\/\/www.facebook.com\/steffen.thomas1","https:\/\/x.com\/steto123"],"url":"https:\/\/wissen.science-and-fun.de\/kochen\/author\/wp_admin\/"}]}},"jetpack_publicize_connections":[],"jetpack_featured_media_url":"","jetpack_shortlink":"https:\/\/wp.me\/p1tRoY-1CC","jetpack-related-posts":[{"id":6232,"url":"https:\/\/wissen.science-and-fun.de\/kochen\/2019\/01\/10\/der-garten-im-januar\/","url_meta":{"origin":6238,"position":0},"title":"Der Garten im Januar","author":"Steffen","date":"10. Januar 2019","format":false,"excerpt":"Wenn im Januar der Garten Schnee- und Eisfrei ist, k\u00f6nnen schon erste Arbeiten erledigt werden. Beispielsweise k\u00f6nnen winterbl\u00fchende Geh\u00f6lze und Zwiebelblumen gesetzt werden. Sollten diese dann treiben empfiehlt es sich, sie mit etwas Kompost anzuh\u00e4ufeln.","rel":"","context":"In &quot;Garten&quot;","block_context":{"text":"Garten","link":"https:\/\/wissen.science-and-fun.de\/kochen\/category\/haus-garten\/garten\/"},"img":{"alt_text":"","src":"","width":0,"height":0},"classes":[]},{"id":6228,"url":"https:\/\/wissen.science-and-fun.de\/kochen\/2018\/03\/10\/der-garten-anfang-maerz\/","url_meta":{"origin":6238,"position":1},"title":"Der Garten Anfang M\u00e4rz","author":"Steffen","date":"10. M\u00e4rz 2018","format":false,"excerpt":"Wenn der Frost langsam nachl\u00e4sst und der Boden aufgetaut ist (sofern er das \u00fcberhaupt war), ist es an der Zeit Obst- und Ziergeh\u00f6lze zu pflanzen. Auch kann nun langsam der Kompost zur Verbesserung der Bodenqualit\u00e4t eingearbeitet werden. Nun wird es auch Zeit Rosen und Str\u00e4ucher zu beschneiden. Auch hier empfiehlt\u2026","rel":"","context":"In &quot;Haus &amp; Garten&quot;","block_context":{"text":"Haus &amp; Garten","link":"https:\/\/wissen.science-and-fun.de\/kochen\/category\/haus-garten\/"},"img":{"alt_text":"","src":"","width":0,"height":0},"classes":[]},{"id":6230,"url":"https:\/\/wissen.science-and-fun.de\/kochen\/2019\/02\/10\/der-garten-mitte-februar\/","url_meta":{"origin":6238,"position":2},"title":"Der Garten Mitte Februar","author":"Steffen","date":"10. Februar 2019","format":false,"excerpt":"Mitte Februar kann man die Fr\u00fchkartoffeln in einer Kiste zum Vorkeimen an einen hellen Ort stellen. Und Paprika, Auberginen und Tomaten k\u00f6nnen im Fenster anges\u00e4t werden.","rel":"","context":"In &quot;Haus &amp; Garten&quot;","block_context":{"text":"Haus &amp; Garten","link":"https:\/\/wissen.science-and-fun.de\/kochen\/category\/haus-garten\/"},"img":{"alt_text":"","src":"","width":0,"height":0},"classes":[]},{"id":6292,"url":"https:\/\/wissen.science-and-fun.de\/kochen\/2018\/07\/26\/frischkaese-ideen-frischkaese-mit-gartenkraeutern\/","url_meta":{"origin":6238,"position":3},"title":"Frischk\u00e4se- Ideen: Frischk\u00e4se mit Gartenkr\u00e4utern","author":"Steffen","date":"26. Juli 2018","format":false,"excerpt":"Die folgende Frischk\u00e4se Variante ist eigentlich sehr simpel. Man mischt einfach 4 bis 5 geh\u00e4ufte Essl\u00f6ffel Frischk\u00e4se mit 2 bis 3 Teel\u00f6ffel tiefgefrorener Gartenkr\u00e4uter, die es schon als fertige Tiefk\u00fchlmischung gibt. Je nach Geschmack verfeinert man das Ganze noch mit etwas Salz und Pfeffer. Damit sich das Kr\u00e4uteraroma im K\u00e4se\u2026","rel":"","context":"In &quot;Frischk\u00e4se-Ideen&quot;","block_context":{"text":"Frischk\u00e4se-Ideen","link":"https:\/\/wissen.science-and-fun.de\/kochen\/category\/frischkaese-ideen\/"},"img":{"alt_text":"","src":"","width":0,"height":0},"classes":[]},{"id":2740,"url":"https:\/\/wissen.science-and-fun.de\/kochen\/2011\/08\/27\/blumenkohl\/","url_meta":{"origin":6238,"position":4},"title":"Blumenkohl","author":"Steffen","date":"27. August 2011","format":false,"excerpt":"Frischen Blumenkohl erkennt man an seinem milden und frischen Geruch. Damit er nach dem Kochen sch\u00f6n wei\u00df bleibt, geben Sie zu dem Kochwasser eine Prise Zucker hinzu. Angenehm zart wird der Blumenkohl, wenn man ihn in einer Mischung aus Milch und Wasser oder alternativ in purem Mineralwasser gart.","rel":"","context":"In &quot;Kochtip&quot;","block_context":{"text":"Kochtip","link":"https:\/\/wissen.science-and-fun.de\/kochen\/category\/kochtip\/"},"img":{"alt_text":"","src":"","width":0,"height":0},"classes":[]},{"id":5014,"url":"https:\/\/wissen.science-and-fun.de\/kochen\/2013\/02\/03\/rohkost-von-kohlrabi-und-schinken-an-feldsalat\/","url_meta":{"origin":6238,"position":5},"title":"Rohkost von Kohlrabi und Schinken an Feldsalat","author":"Steffen","date":"3. Februar 2013","format":false,"excerpt":"Zutaten 160 Gramm Lachsschinken 320 Gramm Kohlrabi (2 kleine) 1 EL Limettensaft 2 EL Oliven\u00f6l kalt gepresst 1 Schale Gartenkresse 30 Gramm Ingwer (1 kleine Wurzel) 1\/2 Bund Radieschen 140 Gramm Feldsalat 4 EL Sauerrahm 1\/2 TL Currypulver 1\/2 TL Bl\u00fctenhonig Salz Pfeffer Zubereitung Feldsalat mehrmals sehr gut waschen und\u2026","rel":"","context":"In &quot;Gem\u00fcse &amp; Obst&quot;","block_context":{"text":"Gem\u00fcse &amp; Obst","link":"https:\/\/wissen.science-and-fun.de\/kochen\/category\/gemuse\/"},"img":{"alt_text":"","src":"","width":0,"height":0},"classes":[]}],"jetpack_sharing_enabled":true,"_links":{"self":[{"href":"https:\/\/wissen.science-and-fun.de\/kochen\/wp-json\/wp\/v2\/posts\/6238","targetHints":{"allow":["GET"]}}],"collection":[{"href":"https:\/\/wissen.science-and-fun.de\/kochen\/wp-json\/wp\/v2\/posts"}],"about":[{"href":"https:\/\/wissen.science-and-fun.de\/kochen\/wp-json\/wp\/v2\/types\/post"}],"author":[{"embeddable":true,"href":"https:\/\/wissen.science-and-fun.de\/kochen\/wp-json\/wp\/v2\/users\/1"}],"replies":[{"embeddable":true,"href":"https:\/\/wissen.science-and-fun.de\/kochen\/wp-json\/wp\/v2\/comments?post=6238"}],"version-history":[{"count":1,"href":"https:\/\/wissen.science-and-fun.de\/kochen\/wp-json\/wp\/v2\/posts\/6238\/revisions"}],"predecessor-version":[{"id":6239,"href":"https:\/\/wissen.science-and-fun.de\/kochen\/wp-json\/wp\/v2\/posts\/6238\/revisions\/6239"}],"wp:attachment":[{"href":"https:\/\/wissen.science-and-fun.de\/kochen\/wp-json\/wp\/v2\/media?parent=6238"}],"wp:term":[{"taxonomy":"category","embeddable":true,"href":"https:\/\/wissen.science-and-fun.de\/kochen\/wp-json\/wp\/v2\/categories?post=6238"},{"taxonomy":"post_tag","embeddable":true,"href":"https:\/\/wissen.science-and-fun.de\/kochen\/wp-json\/wp\/v2\/tags?post=6238"}],"curies":[{"name":"wp","href":"https:\/\/api.w.org\/{rel}","templated":true}]}}